{"id":3348,"date":"2025-08-15T15:00:18","date_gmt":"2025-08-15T15:00:18","guid":{"rendered":"https:\/\/bck08.de\/?p=3348"},"modified":"2025-08-15T15:00:18","modified_gmt":"2025-08-15T15:00:18","slug":"beachtlicher-erfolg-bei-den-triplette-meisterschaften","status":"publish","type":"post","link":"https:\/\/bck08.de\/?p=3348","title":{"rendered":"Beachtlicher Erfolg bei den Triplette-Meisterschaften"},"content":{"rendered":"\n<p class=\"s5\">Bei sommerlichem Wetter ging es&nbsp;f\u00fcr Franzis, Christoph und Jan am Samstag zum Qualifikationsturnier Niederrhein nach D\u00fcsseldorf.&nbsp;<\/p>\n\n\n\n<p class=\"s5\">Jan&#8217;s&nbsp;erste Teilnahme an Meisterschaften \u00fcberhaupt verlief durchaus erfolgreich.&nbsp;&nbsp;&nbsp;Im Team&nbsp;mit Franzis und Christoph konnten die drei&nbsp;unter den 54 teilnehmenden Mannschaften&nbsp;mit 4:2 Siegen einen&nbsp;tollen&nbsp;11. Platz erzielen.<\/p>\n\n\n\n<p class=\"s6\">Mit diesem Ergebnis sicherten sie sich die Teilnahmeberechtigung an der Landesmeisterschaft in Kamen.<\/p>\n\n\n\n<p class=\"s6\">Erfreulich&nbsp;in D\u00fcsseldorf&nbsp;war auch das Abschneiden von Hans, der mit&nbsp;den&nbsp;Gochern&nbsp;Ottmar und Hans drei Siege erringen&nbsp;und damit Platz 31 belegen&nbsp;konnte.<\/p>\n\n\n\n<p class=\"s6\">Am Sonntag machten sich das Klever Team bereits in aller Fr\u00fch&#8216; auf die Reise nach Kamen.&nbsp;Schnell wurde klar, dass der Sommer im Vergleich zum Vortag noch ein paar Sch\u00fcppchen drauflegen w\u00fcrde.<\/p>\n\n\n\n<p class=\"s6\">In dem Teilnehmerfeld gespickt mit Spielern der h\u00f6chsten Spielklassen galt es, weitere sechs Runden zu absolvieren bzw. unter den klimatischen Bedingungen durchzustehen. &nbsp;Dies ist uns nach&nbsp;dem weiteren&nbsp;langen und&nbsp;anstrengenden Tag mit leistungsgerechten 2:4 Siegen gelungen.<\/p>\n\n\n\n<p class=\"s6\">Ersch\u00f6pft und &#8222;hundem\u00fcdekaputt&#8220; trafen wir gegen 23.00 Uhrdann schlie\u00dflich wieder in Kleve ein.<\/p>\n\n\n\n<p class=\"s6\">&nbsp;<\/p>\n\n\n\n<p class=\"s8\"><strong>Unser Fazit: &nbsp; &nbsp;&nbsp;&nbsp;&nbsp;Es hat Spa\u00df gemacht &nbsp; &#8211; &nbsp; wir w\u00fcrden es wieder tun!!!<\/strong><\/p>\n\n\n\n<figure class=\"wp-block-image size-large\"><img loading=\"lazy\" decoding=\"async\" width=\"768\" height=\"1024\" src=\"https:\/\/bck08.de\/wp-content\/uploads\/2025\/08\/img_5368-768x1024.jpg\" class=\"wp-image-3347\" srcset=\"https:\/\/bck08.de\/wp-content\/uploads\/2025\/08\/img_5368-768x1024.jpg 768w, https:\/\/bck08.de\/wp-content\/uploads\/2025\/08\/img_5368-1152x1536.jpg 1152w, https:\/\/bck08.de\/wp-content\/uploads\/2025\/08\/img_5368-225x300.jpg 225w, https:\/\/bck08.de\/wp-content\/uploads\/2025\/08\/img_5368.jpg 1500w\" sizes=\"auto, (max-width: 768px) 100vw, 768px\" \/><\/figure>\n","protected":false},"excerpt":{"rendered":"<p>Bei sommerlichem Wetter ging es&nbsp;f\u00fcr Franzis, Christoph und Jan am Samstag zum Qualifikationsturnier Niederrhein nach D\u00fcsseldorf.&nbsp; Jan&#8217;s&nbsp;erste Teilnahme an Meisterschaften \u00fcberhaupt verlief durchaus erfolgreich.&nbsp;&nbsp;&nbsp;Im Team&nbsp;mit Franzis und Christoph konnten die [&hellip;]<\/p>\n","protected":false},"author":1,"featured_media":0,"comment_status":"closed","ping_status":"closed","sticky":false,"template":"","format":"standard","meta":{"_EventAllDay":false,"_EventTimezone":"","_EventStartDate":"","_EventEndDate":"","_EventStartDateUTC":"","_EventEndDateUTC":"","_EventShowMap":false,"_EventShowMapLink":false,"_EventURL":"","_EventCost":"","_EventCostDescription":"","_EventCurrencySymbol":"","_EventCurrencyCode":"","_EventCurrencyPosition":"","_EventDateTimeSeparator":"","_EventTimeRangeSeparator":"","_EventOrganizerID":[],"_EventVenueID":[],"_OrganizerEmail":"","_OrganizerPhone":"","_OrganizerWebsite":"","_VenueAddress":"","_VenueCity":"","_VenueCountry":"","_VenueProvince":"","_VenueState":"","_VenueZip":"","_VenuePhone":"","_VenueURL":"","_VenueStateProvince":"","_VenueLat":"","_VenueLng":"","_VenueShowMap":false,"_VenueShowMapLink":false,"footnotes":""},"categories":[1],"tags":[],"class_list":["post-3348","post","type-post","status-publish","format-standard","hentry","category-uncategorized"],"_links":{"self":[{"href":"https:\/\/bck08.de\/index.php?rest_route=\/wp\/v2\/posts\/3348","targetHints":{"allow":["GET"]}}],"collection":[{"href":"https:\/\/bck08.de\/index.php?rest_route=\/wp\/v2\/posts"}],"about":[{"href":"https:\/\/bck08.de\/index.php?rest_route=\/wp\/v2\/types\/post"}],"author":[{"embeddable":true,"href":"https:\/\/bck08.de\/index.php?rest_route=\/wp\/v2\/users\/1"}],"replies":[{"embeddable":true,"href":"https:\/\/bck08.de\/index.php?rest_route=%2Fwp%2Fv2%2Fcomments&post=3348"}],"version-history":[{"count":1,"href":"https:\/\/bck08.de\/index.php?rest_route=\/wp\/v2\/posts\/3348\/revisions"}],"predecessor-version":[{"id":3349,"href":"https:\/\/bck08.de\/index.php?rest_route=\/wp\/v2\/posts\/3348\/revisions\/3349"}],"wp:attachment":[{"href":"https:\/\/bck08.de\/index.php?rest_route=%2Fwp%2Fv2%2Fmedia&parent=3348"}],"wp:term":[{"taxonomy":"category","embeddable":true,"href":"https:\/\/bck08.de\/index.php?rest_route=%2Fwp%2Fv2%2Fcategories&post=3348"},{"taxonomy":"post_tag","embeddable":true,"href":"https:\/\/bck08.de\/index.php?rest_route=%2Fwp%2Fv2%2Ftags&post=3348"}],"curies":[{"name":"wp","href":"https:\/\/api.w.org\/{rel}","templated":true}]}}