{"id":3345,"date":"2025-08-01T17:30:09","date_gmt":"2025-08-01T17:30:09","guid":{"rendered":"https:\/\/bck08.de\/?p=3345"},"modified":"2025-08-15T15:00:46","modified_gmt":"2025-08-15T15:00:46","slug":"kurpark-norderney-ein-turnier-zum-verlieben-bck-mittendrin","status":"publish","type":"post","link":"https:\/\/bck08.de\/?p=3345","title":{"rendered":"Kurpark Norderney: Ein Turnier zum Verlieben \u2013 BCK mittendrin!"},"content":{"rendered":"\n<p class=\"p1\">Am vergangenen Wochenende wurde der Kurpark auf Norderney zur echten Boule-Arena \u2013 und wir vom Boule Club Kleve waren mit gleich drei Mannschaften am Start!<\/p>\n\n\n\n<p class=\"p1\">Das erste \u00fcberregionale Turnier auf der Insel war nicht nur bestens organisiert, sondern auch richtig famili\u00e4r, freundschaftlich und einfach am\u00fcsant. Kurz gesagt: Ein rundum gelungenes Boule-Fest! Und das Beste: Alle unsere Teams landeten unter den Top Ten! \ud83d\udcaa<\/p>\n\n\n\n<p class=\"p1\">Neben spannenden Spielen, vielen sympathischen Begegnungen und \u00fcber 6500 W\u00fcrfen (ja, wirklich!), kam auch das Lachen und das gesellige Miteinander nicht zu kurz. Die Norderneyer Boulefreunde haben da wirklich etwas Besonderes auf die Beine gestellt \u2013 wir kommen n\u00e4chstes Jahr auf jeden Fall wieder!<\/p>\n\n\n\n<p class=\"p1\">Herzlichen Dank an die Gastgeber \u2013 bis zum n\u00e4chsten Jahr auf der Insel! \u2600\ufe0f\ud83c\udfd6\ufe0f\ud83c\udfaf<\/p>\n\n\n\n<figure class=\"wp-block-image size-large\"><img decoding=\"async\" src=\"file:\/\/\/private\/var\/mobile\/Containers\/Data\/Application\/D456AEC9-EC11-4BEF-9285-B23403402EF6\/tmp\/org.automattic.MediaImageServiceSymlinks\/thumbnail-aeab1e69-4a11-47fa-9d2c-a28eaabdba32-1365x1024.jpeg\" alt=\"\" class=\"wp-image-390915861\"\/><\/figure>\n","protected":false},"excerpt":{"rendered":"<p>Am vergangenen Wochenende wurde der Kurpark auf Norderney zur echten Boule-Arena \u2013 und wir vom Boule Club Kleve waren mit gleich drei Mannschaften am Start! Das erste \u00fcberregionale Turnier auf [&hellip;]<\/p>\n","protected":false},"author":1,"featured_media":0,"comment_status":"closed","ping_status":"closed","sticky":false,"template":"","format":"standard","meta":{"_EventAllDay":false,"_EventTimezone":"","_EventStartDate":"","_EventEndDate":"","_EventStartDateUTC":"","_EventEndDateUTC":"","_EventShowMap":false,"_EventShowMapLink":false,"_EventURL":"","_EventCost":"","_EventCostDescription":"","_EventCurrencySymbol":"","_EventCurrencyCode":"","_EventCurrencyPosition":"","_EventDateTimeSeparator":"","_EventTimeRangeSeparator":"","_EventOrganizerID":[],"_EventVenueID":[],"_OrganizerEmail":"","_OrganizerPhone":"","_OrganizerWebsite":"","_VenueAddress":"","_VenueCity":"","_VenueCountry":"","_VenueProvince":"","_VenueState":"","_VenueZip":"","_VenuePhone":"","_VenueURL":"","_VenueStateProvince":"","_VenueLat":"","_VenueLng":"","_VenueShowMap":false,"_VenueShowMapLink":false,"footnotes":""},"categories":[1],"tags":[],"class_list":["post-3345","post","type-post","status-publish","format-standard","hentry","category-uncategorized"],"_links":{"self":[{"href":"https:\/\/bck08.de\/index.php?rest_route=\/wp\/v2\/posts\/3345","targetHints":{"allow":["GET"]}}],"collection":[{"href":"https:\/\/bck08.de\/index.php?rest_route=\/wp\/v2\/posts"}],"about":[{"href":"https:\/\/bck08.de\/index.php?rest_route=\/wp\/v2\/types\/post"}],"author":[{"embeddable":true,"href":"https:\/\/bck08.de\/index.php?rest_route=\/wp\/v2\/users\/1"}],"replies":[{"embeddable":true,"href":"https:\/\/bck08.de\/index.php?rest_route=%2Fwp%2Fv2%2Fcomments&post=3345"}],"version-history":[{"count":3,"href":"https:\/\/bck08.de\/index.php?rest_route=\/wp\/v2\/posts\/3345\/revisions"}],"predecessor-version":[{"id":3352,"href":"https:\/\/bck08.de\/index.php?rest_route=\/wp\/v2\/posts\/3345\/revisions\/3352"}],"wp:attachment":[{"href":"https:\/\/bck08.de\/index.php?rest_route=%2Fwp%2Fv2%2Fmedia&parent=3345"}],"wp:term":[{"taxonomy":"category","embeddable":true,"href":"https:\/\/bck08.de\/index.php?rest_route=%2Fwp%2Fv2%2Fcategories&post=3345"},{"taxonomy":"post_tag","embeddable":true,"href":"https:\/\/bck08.de\/index.php?rest_route=%2Fwp%2Fv2%2Ftags&post=3345"}],"curies":[{"name":"wp","href":"https:\/\/api.w.org\/{rel}","templated":true}]}}