{"id":3005,"date":"2023-10-14T14:37:06","date_gmt":"2023-10-14T14:37:06","guid":{"rendered":"https:\/\/bck08.de\/?p=3005"},"modified":"2023-12-20T09:49:52","modified_gmt":"2023-12-20T09:49:52","slug":"deutsche-meisterschaft-triplette-veterans-2023","status":"publish","type":"post","link":"https:\/\/bck08.de\/?p=3005","title":{"rendered":"Deutsche Meisterschaft Triplette Veterans 2023"},"content":{"rendered":"\r\n<figure class=\"wp-block-image size-large\"><img loading=\"lazy\" decoding=\"async\" width=\"576\" height=\"1024\" class=\"wp-image-3000\" src=\"https:\/\/bck08.de\/wp-content\/uploads\/2023\/10\/img_5119-1-576x1024.jpg\" srcset=\"https:\/\/bck08.de\/wp-content\/uploads\/2023\/10\/img_5119-1-576x1024.jpg 576w, https:\/\/bck08.de\/wp-content\/uploads\/2023\/10\/img_5119-1-864x1536.jpg 864w, https:\/\/bck08.de\/wp-content\/uploads\/2023\/10\/img_5119-1-169x300.jpg 169w, https:\/\/bck08.de\/wp-content\/uploads\/2023\/10\/img_5119-1-768x1365.jpg 768w, https:\/\/bck08.de\/wp-content\/uploads\/2023\/10\/img_5119-1.jpg 900w\" sizes=\"auto, (max-width: 576px) 100vw, 576px\" \/><\/figure>\r\n\r\n\r\n\r\n<p>&#8230; ja, wir haben es nach erfolgreichen\u00a0NRW-Qualifikationen wahr gemacht und uns\u00a0so\u00a0Mitte September auf den Weg ins Saarland gemacht. Ein kleines\u00a0bisschen Bammel vor der eigenen Courage waren bei Karl-Heinz, Franzis und Christoph sicherlich mitunter auch im Gep\u00e4ck.<\/p>\r\n\r\n\r\n\r\n<p>Wir haben es keineswegs bereut!<\/p>\r\n\r\n\r\n\r\n<p>&nbsp;<\/p>\r\n\r\n\r\n\r\n<p>Sportlich konnten wir in den Pool-Spielen durchaus mithalten, da w\u00e4re sogar\u00a0&#8222;mehr drin gewesen&#8220;.\u00a0<\/p>\r\n\r\n\r\n\r\n<p>Nach\u00a0im weiteren Turnierverlauf erfolgtem\u00a0Wechsel auf einen Schotterplatz\u00a0konnten wir die in diesem Spiel angetroffene \u00dcberlegenheit der gegnerischen Mannschaft nur anerkennen.\u00a0<\/p>\r\n\r\n\r\n\r\n<p>Fazit:<\/p>\r\n\r\n\r\n\r\n<p>Wir durften diese Deutsche Meisterschaft wie fast 400 weitere\u00a0Boulespieler\u00a0auch bei herrlichstem Wetter auf dem wundersch\u00f6nen\u00a0Boulodr\u00f4me\u00a0des RKV\u00a0Ensdorf\u00a0genie\u00dfen.\u00a0<\/p>\r\n\r\n\r\n\r\n<p>Faire, spannende Wettk\u00e4mpfe\u00a0unter den\u00a0durch den gastgebenden Verein mit schier unerm\u00fcdlichem Einsatz geschaffenen\u00a0tollen Rahmenbedingungen\u00a0sorgten von Freitagnachmittag bis Sonntagabend f\u00fcr gute Stimmung.Nochmals herzlichen Dank f\u00fcr die herausragende Gastfreundlichkeit der Saarl\u00e4nder.<\/p>\r\n\r\n\r\n\r\n<p>&nbsp;<\/p>\r\n\r\n\r\n\r\n<p>Dieses Erlebnis und die gesammelten Erfahrungen m\u00f6chten wir nicht missen!<\/p>\r\n\r\n\r\n\r\n<p>&nbsp;<\/p>\r\n\r\n\r\n\r\n<p>&nbsp;<\/p>\r\n\r\n\r\n\r\n<p>Hier noch einige Impressionen\u00a0rund um die Meisterschaft:<\/p>\r\n\r\n\r\n\r\n<figure class=\"wp-block-image size-large\"><img loading=\"lazy\" decoding=\"async\" width=\"768\" height=\"1024\" class=\"wp-image-3001\" src=\"https:\/\/bck08.de\/wp-content\/uploads\/2023\/10\/img_5123-1-768x1024.jpg\" srcset=\"https:\/\/bck08.de\/wp-content\/uploads\/2023\/10\/img_5123-1-768x1024.jpg 768w, https:\/\/bck08.de\/wp-content\/uploads\/2023\/10\/img_5123-1-1152x1536.jpg 1152w, https:\/\/bck08.de\/wp-content\/uploads\/2023\/10\/img_5123-1-225x300.jpg 225w, https:\/\/bck08.de\/wp-content\/uploads\/2023\/10\/img_5123-1.jpg 1512w\" sizes=\"auto, (max-width: 768px) 100vw, 768px\" \/><\/figure>\r\n\r\n\r\n\r\n<figure class=\"wp-block-image size-large\"><img loading=\"lazy\" decoding=\"async\" width=\"1024\" height=\"768\" class=\"wp-image-3002\" src=\"https:\/\/bck08.de\/wp-content\/uploads\/2023\/10\/img_5122-1-1024x768.jpg\" srcset=\"https:\/\/bck08.de\/wp-content\/uploads\/2023\/10\/img_5122-1-1024x768.jpg 1024w, https:\/\/bck08.de\/wp-content\/uploads\/2023\/10\/img_5122-1-1536x1152.jpg 1536w, https:\/\/bck08.de\/wp-content\/uploads\/2023\/10\/img_5122-1-300x225.jpg 300w, https:\/\/bck08.de\/wp-content\/uploads\/2023\/10\/img_5122-1-768x576.jpg 768w, https:\/\/bck08.de\/wp-content\/uploads\/2023\/10\/img_5122-1.jpg 2016w\" sizes=\"auto, (max-width: 1024px) 100vw, 1024px\" \/><\/figure>\r\n\r\n\r\n\r\n<figure class=\"wp-block-image size-large\"><img loading=\"lazy\" decoding=\"async\" width=\"1024\" height=\"682\" class=\"wp-image-3003\" src=\"https:\/\/bck08.de\/wp-content\/uploads\/2023\/10\/img_5121-1-1024x682.jpg\" srcset=\"https:\/\/bck08.de\/wp-content\/uploads\/2023\/10\/img_5121-1-1024x682.jpg 1024w, https:\/\/bck08.de\/wp-content\/uploads\/2023\/10\/img_5121-1-300x200.jpg 300w, https:\/\/bck08.de\/wp-content\/uploads\/2023\/10\/img_5121-1-768x511.jpg 768w, https:\/\/bck08.de\/wp-content\/uploads\/2023\/10\/img_5121-1.jpg 1280w\" sizes=\"auto, (max-width: 1024px) 100vw, 1024px\" \/><\/figure>\r\n\r\n\r\n\r\n<figure class=\"wp-block-image size-large\"><img decoding=\"async\" class=\"wp-image-3004\" src=\"https:\/\/bck08.de\/wp-content\/uploads\/2023\/10\/img_5120-1-768x1024.jpg\" \/><\/figure>\r\n","protected":false},"excerpt":{"rendered":"<p>&#8230; ja, wir haben es nach erfolgreichen\u00a0NRW-Qualifikationen wahr gemacht und uns\u00a0so\u00a0Mitte September auf den Weg ins Saarland gemacht. Ein kleines\u00a0bisschen Bammel vor der eigenen Courage waren bei Karl-Heinz, Franzis und [&hellip;]<\/p>\n","protected":false},"author":1,"featured_media":3002,"comment_status":"closed","ping_status":"closed","sticky":false,"template":"","format":"standard","meta":{"_EventAllDay":false,"_EventTimezone":"","_EventStartDate":"","_EventEndDate":"","_EventStartDateUTC":"","_EventEndDateUTC":"","_EventShowMap":false,"_EventShowMapLink":false,"_EventURL":"","_EventCost":"","_EventCostDescription":"","_EventCurrencySymbol":"","_EventCurrencyCode":"","_EventCurrencyPosition":"","_EventDateTimeSeparator":"","_EventTimeRangeSeparator":"","_EventOrganizerID":[],"_EventVenueID":[],"_OrganizerEmail":"","_OrganizerPhone":"","_OrganizerWebsite":"","_VenueAddress":"","_VenueCity":"","_VenueCountry":"","_VenueProvince":"","_VenueState":"","_VenueZip":"","_VenuePhone":"","_VenueURL":"","_VenueStateProvince":"","_VenueLat":"","_VenueLng":"","_VenueShowMap":false,"_VenueShowMapLink":false,"footnotes":""},"categories":[1],"tags":[],"class_list":["post-3005","post","type-post","status-publish","format-standard","has-post-thumbnail","hentry","category-uncategorized"],"_links":{"self":[{"href":"https:\/\/bck08.de\/index.php?rest_route=\/wp\/v2\/posts\/3005","targetHints":{"allow":["GET"]}}],"collection":[{"href":"https:\/\/bck08.de\/index.php?rest_route=\/wp\/v2\/posts"}],"about":[{"href":"https:\/\/bck08.de\/index.php?rest_route=\/wp\/v2\/types\/post"}],"author":[{"embeddable":true,"href":"https:\/\/bck08.de\/index.php?rest_route=\/wp\/v2\/users\/1"}],"replies":[{"embeddable":true,"href":"https:\/\/bck08.de\/index.php?rest_route=%2Fwp%2Fv2%2Fcomments&post=3005"}],"version-history":[{"count":3,"href":"https:\/\/bck08.de\/index.php?rest_route=\/wp\/v2\/posts\/3005\/revisions"}],"predecessor-version":[{"id":3134,"href":"https:\/\/bck08.de\/index.php?rest_route=\/wp\/v2\/posts\/3005\/revisions\/3134"}],"wp:featuredmedia":[{"embeddable":true,"href":"https:\/\/bck08.de\/index.php?rest_route=\/wp\/v2\/media\/3002"}],"wp:attachment":[{"href":"https:\/\/bck08.de\/index.php?rest_route=%2Fwp%2Fv2%2Fmedia&parent=3005"}],"wp:term":[{"taxonomy":"category","embeddable":true,"href":"https:\/\/bck08.de\/index.php?rest_route=%2Fwp%2Fv2%2Fcategories&post=3005"},{"taxonomy":"post_tag","embeddable":true,"href":"https:\/\/bck08.de\/index.php?rest_route=%2Fwp%2Fv2%2Ftags&post=3005"}],"curies":[{"name":"wp","href":"https:\/\/api.w.org\/{rel}","templated":true}]}}