{"id":2998,"date":"2023-10-14T14:30:53","date_gmt":"2023-10-14T14:30:53","guid":{"rendered":"https:\/\/bck08.de\/?p=2998"},"modified":"2023-10-14T14:30:55","modified_gmt":"2023-10-14T14:30:55","slug":"ligasaison-2023","status":"publish","type":"post","link":"https:\/\/bck08.de\/?p=2998","title":{"rendered":"Ligasaison 2023"},"content":{"rendered":"\n<p>Die 2. Mannschaft\u2013 Liga Bezirksklasse A \u2013 Saison 2023<br>F\u00fcr die neu formierte 2. Mannschaft (3 Abg\u00e4nge \/ 3 Zug\u00e4nge) ging es nach dem \u00fcberraschenden Aufstieg im Vorjahr vorrangig um den Klassenerhalt. Der 1. Spieltag endete mit zwei Niederlagen gegen Dormagen-St\u00fcrzelberg 2 (Abschlusstabelle Platz 3) 0:5 und dem Bezirksligaabsteiger Erkrath CDP 2 (Platz 9) mit 1:4.<br>Am 2. Spieltag folgten drei Niederlagen gegen Ratingen-Lintorf 2 (Platz 1) mit 1:4, Wuppertal- Vohwinkel 1 (Platz 5) mit 2:3 und Hilden 1 (Platz 2) mit 1:4.<br>Am Tabellenende angekommen ging am 3. Spieltag ein Ruck durch die Mannschaft und es folgten zwei Siege gegen Wuppertal ESV 1 (Platz 4) mit 5:0 und Krefeld BC 2 (Platz 8) mit 3:2.<br>Am nunmehr alles entscheidenden 4. Spieltag (Zwischenstand Platz 7) folgten zwei Niederlagen ge- gen Krefeld BC 3 (Platz 7) mit 1:4 und Viersen 2 (Platz 6) mit ebenfalls 1:4. In dem Spiel gegen Krefeld BC 3 gingen die Partien im ersten Triplette zu 11 und in Doublette zwei und drei zu 11 und 10 jeweils nur knapp an den Gegner. Letztendlich wurde der Abstieg unsere 2. Mannschaft aber durch den Aus- gang des direkten Vergleichs mit Erkrath CDP 2 bei gleicher Punkt- und Spieldifferenz besiegelt.<br>An keinem der Spieltage konnten wir mit Auswechselspielern bzw. einer eingespielten Formation antreten. Es spielten Horst Aussem (3 Spieltage), Valentin Buckels (3), Joris Derks (2), Manfred Gossen (4), Steffen Haas (3), Dietmar Karow (4), Nils Kr\u00fcger (1), Hans Schoenemakers (3) und Jupp Wetzig (1). Allen Beteiligten vielen Dank f\u00fcr ihren Einsatz und Ihre Unterst\u00fctzung!<\/p>\n","protected":false},"excerpt":{"rendered":"<p>Die 2. Mannschaft\u2013 Liga Bezirksklasse A \u2013 Saison 2023F\u00fcr die neu formierte 2. Mannschaft (3 Abg\u00e4nge \/ 3 Zug\u00e4nge) ging es nach dem \u00fcberraschenden Aufstieg im Vorjahr vorrangig um den [&hellip;]<\/p>\n","protected":false},"author":1,"featured_media":0,"comment_status":"closed","ping_status":"closed","sticky":false,"template":"","format":"standard","meta":{"_EventAllDay":false,"_EventTimezone":"","_EventStartDate":"","_EventEndDate":"","_EventStartDateUTC":"","_EventEndDateUTC":"","_EventShowMap":false,"_EventShowMapLink":false,"_EventURL":"","_EventCost":"","_EventCostDescription":"","_EventCurrencySymbol":"","_EventCurrencyCode":"","_EventCurrencyPosition":"","_EventDateTimeSeparator":"","_EventTimeRangeSeparator":"","_EventOrganizerID":[],"_EventVenueID":[],"_OrganizerEmail":"","_OrganizerPhone":"","_OrganizerWebsite":"","_VenueAddress":"","_VenueCity":"","_VenueCountry":"","_VenueProvince":"","_VenueState":"","_VenueZip":"","_VenuePhone":"","_VenueURL":"","_VenueStateProvince":"","_VenueLat":"","_VenueLng":"","_VenueShowMap":false,"_VenueShowMapLink":false,"footnotes":""},"categories":[1],"tags":[],"class_list":["post-2998","post","type-post","status-publish","format-standard","hentry","category-uncategorized"],"_links":{"self":[{"href":"https:\/\/bck08.de\/index.php?rest_route=\/wp\/v2\/posts\/2998","targetHints":{"allow":["GET"]}}],"collection":[{"href":"https:\/\/bck08.de\/index.php?rest_route=\/wp\/v2\/posts"}],"about":[{"href":"https:\/\/bck08.de\/index.php?rest_route=\/wp\/v2\/types\/post"}],"author":[{"embeddable":true,"href":"https:\/\/bck08.de\/index.php?rest_route=\/wp\/v2\/users\/1"}],"replies":[{"embeddable":true,"href":"https:\/\/bck08.de\/index.php?rest_route=%2Fwp%2Fv2%2Fcomments&post=2998"}],"version-history":[{"count":1,"href":"https:\/\/bck08.de\/index.php?rest_route=\/wp\/v2\/posts\/2998\/revisions"}],"predecessor-version":[{"id":2999,"href":"https:\/\/bck08.de\/index.php?rest_route=\/wp\/v2\/posts\/2998\/revisions\/2999"}],"wp:attachment":[{"href":"https:\/\/bck08.de\/index.php?rest_route=%2Fwp%2Fv2%2Fmedia&parent=2998"}],"wp:term":[{"taxonomy":"category","embeddable":true,"href":"https:\/\/bck08.de\/index.php?rest_route=%2Fwp%2Fv2%2Fcategories&post=2998"},{"taxonomy":"post_tag","embeddable":true,"href":"https:\/\/bck08.de\/index.php?rest_route=%2Fwp%2Fv2%2Ftags&post=2998"}],"curies":[{"name":"wp","href":"https:\/\/api.w.org\/{rel}","templated":true}]}}