{"id":2988,"date":"2023-09-21T07:41:20","date_gmt":"2023-09-21T07:41:20","guid":{"rendered":"https:\/\/bck08.de\/?p=2988"},"modified":"2023-09-21T07:47:35","modified_gmt":"2023-09-21T07:47:35","slug":"vereinsmeisterschaft-doublette-2023","status":"publish","type":"post","link":"https:\/\/bck08.de\/?p=2988","title":{"rendered":"Vereinsmeisterschaft Doublette 2023"},"content":{"rendered":"<p>Bei herrlichstem Sommerwetter durften wir am 09. September unsere diesj\u00e4hrige Vereinsmeisterschaft Doublette durchf\u00fchren.<\/p>\n<p>Durch den Wettergott &#8211; aber auch durch das vielseitige Engagement aller Teilnehmer\/innen verw\u00f6hnt &#8211; trugen die wundersch\u00f6n hergerichtete Anlage, das stilvolle Ambiente und nicht zuletzt kulinarische Gen\u00fcsse auch nach Oma&#8217;s Art zu einem geselligen und harmonischen Event bei.<\/p>\n<p>Sportliche Herausforderungen galt es in vier Vorrunden nat\u00fcrlich auch zu bestehen. So konnte die Endspielpaarung nach interessanten Begegnungen am sp\u00e4ten Nachmittag zwischen den bis dahin erfolgreichsten Sportlern des Tages ermittelt werden.<\/p>\n<p>Im Finale trafen so Dietmar und Christoph gegen Karl-Heinz und Steffen aufeinander.<\/p>\n<p>Unter den aufmerksamen Augen aller Teilnehmer\/innen \u00a0lieferten sich die Finalisten einen packenden Wettkampf, den Dietmar und Christoph nach hartem Kampf mit 13:12 denkbar knapp f\u00fcr sich entscheiden konnten<\/p>\n<p>Einige Impressionen finden sich auf den nachfolgenden Bildern.<\/p>\n<p>Fazit: Die Vereinsmeisterschaft\u00a0 Doublette war absolut gelungen und wir freuen uns auf die am 14. Oktober 2023 schon bald anstehende Vereinsmeisterschaft T\u00eate-\u00e0-t\u00eate !<\/p>\n<p><img loading=\"lazy\" decoding=\"async\" class=\"alignnone size-large wp-image-2990\" src=\"https:\/\/bck08.de\/wp-content\/uploads\/2023\/09\/VMDoub-1024x1024.jpeg\" alt=\"\" width=\"660\" height=\"660\" srcset=\"https:\/\/bck08.de\/wp-content\/uploads\/2023\/09\/VMDoub-1024x1024.jpeg 1024w, https:\/\/bck08.de\/wp-content\/uploads\/2023\/09\/VMDoub-150x150.jpeg 150w, https:\/\/bck08.de\/wp-content\/uploads\/2023\/09\/VMDoub-300x300.jpeg 300w, https:\/\/bck08.de\/wp-content\/uploads\/2023\/09\/VMDoub-768x768.jpeg 768w, https:\/\/bck08.de\/wp-content\/uploads\/2023\/09\/VMDoub.jpeg 1440w\" sizes=\"auto, (max-width: 660px) 100vw, 660px\" \/><\/p>\n","protected":false},"excerpt":{"rendered":"<p>Bei herrlichstem Sommerwetter durften wir am 09. September unsere diesj\u00e4hrige Vereinsmeisterschaft Doublette durchf\u00fchren. Durch den Wettergott &#8211; aber auch durch das vielseitige Engagement aller Teilnehmer\/innen verw\u00f6hnt &#8211; trugen die wundersch\u00f6n [&hellip;]<\/p>\n","protected":false},"author":1,"featured_media":0,"comment_status":"closed","ping_status":"closed","sticky":false,"template":"","format":"standard","meta":{"_EventAllDay":false,"_EventTimezone":"","_EventStartDate":"","_EventEndDate":"","_EventStartDateUTC":"","_EventEndDateUTC":"","_EventShowMap":false,"_EventShowMapLink":false,"_EventURL":"","_EventCost":"","_EventCostDescription":"","_EventCurrencySymbol":"","_EventCurrencyCode":"","_EventCurrencyPosition":"","_EventDateTimeSeparator":"","_EventTimeRangeSeparator":"","_EventOrganizerID":[],"_EventVenueID":[],"_OrganizerEmail":"","_OrganizerPhone":"","_OrganizerWebsite":"","_VenueAddress":"","_VenueCity":"","_VenueCountry":"","_VenueProvince":"","_VenueState":"","_VenueZip":"","_VenuePhone":"","_VenueURL":"","_VenueStateProvince":"","_VenueLat":"","_VenueLng":"","_VenueShowMap":false,"_VenueShowMapLink":false,"footnotes":""},"categories":[1],"tags":[],"class_list":["post-2988","post","type-post","status-publish","format-standard","hentry","category-uncategorized"],"_links":{"self":[{"href":"https:\/\/bck08.de\/index.php?rest_route=\/wp\/v2\/posts\/2988","targetHints":{"allow":["GET"]}}],"collection":[{"href":"https:\/\/bck08.de\/index.php?rest_route=\/wp\/v2\/posts"}],"about":[{"href":"https:\/\/bck08.de\/index.php?rest_route=\/wp\/v2\/types\/post"}],"author":[{"embeddable":true,"href":"https:\/\/bck08.de\/index.php?rest_route=\/wp\/v2\/users\/1"}],"replies":[{"embeddable":true,"href":"https:\/\/bck08.de\/index.php?rest_route=%2Fwp%2Fv2%2Fcomments&post=2988"}],"version-history":[{"count":2,"href":"https:\/\/bck08.de\/index.php?rest_route=\/wp\/v2\/posts\/2988\/revisions"}],"predecessor-version":[{"id":2991,"href":"https:\/\/bck08.de\/index.php?rest_route=\/wp\/v2\/posts\/2988\/revisions\/2991"}],"wp:attachment":[{"href":"https:\/\/bck08.de\/index.php?rest_route=%2Fwp%2Fv2%2Fmedia&parent=2988"}],"wp:term":[{"taxonomy":"category","embeddable":true,"href":"https:\/\/bck08.de\/index.php?rest_route=%2Fwp%2Fv2%2Fcategories&post=2988"},{"taxonomy":"post_tag","embeddable":true,"href":"https:\/\/bck08.de\/index.php?rest_route=%2Fwp%2Fv2%2Ftags&post=2988"}],"curies":[{"name":"wp","href":"https:\/\/api.w.org\/{rel}","templated":true}]}}