{"id":2974,"date":"2023-08-23T18:14:55","date_gmt":"2023-08-23T18:14:55","guid":{"rendered":"https:\/\/bck08.de\/?p=2974"},"modified":"2023-12-15T16:32:35","modified_gmt":"2023-12-15T16:32:35","slug":"klever-team-faehrt-zur-deutschen-meisterschaft-triplette-veterans-2023-in-ensdorf-saarland","status":"publish","type":"post","link":"https:\/\/bck08.de\/?p=2974","title":{"rendered":"Klever Team f\u00e4hrt zur Deutschen Meisterschaft Triplette Veterans 2023"},"content":{"rendered":"<p>Die diesj\u00e4hrige NRW Meisterschaft im Modus Triplette Veterans ist f\u00fcr unser Vereinsteam mit Karl-Heinz, Christoph und Franzis hervorragend gelaufen.<\/p>\n<p>Nachdem sich das Team am Samstag in Wuppertal mit einem 5. Platz innerhalb eines Starterfeldes von 41 Mannschaften f\u00fcr die Landesmeisterschaften NRW qualifiziert hatte, ging es am Sonntag zur NRW Meisterschaft beim BTV Br\u00fchl weiter.<\/p>\n<p>Dort waren 62 Teams angemeldet, die um 16 freie Pl\u00e4tze f\u00fcr die Meisterschaft rangen. Es standen 6 Spiele auf dem Programm, die auf dem Bouledrome des Br\u00fchler Vereins ausgetragen wurden. Auf den, f\u00fcr unsere Verh\u00e4ltnisse eher ungewohnten und durchaus anspruchsvoll zu spielenden Bahnen, errang unser Team mit den Ergebnissen 13:5 \/ 12:11 \/ 7: 13 \/ 9:8 \/ 2:13 und 13:6 einen sensationellen 9. Platz.<\/p>\n<p>Neben der Spielst\u00e4rke waren unser Teamspirit, eine entspannte Konzentration und unser Durchsetzungsverm\u00f6gen wichtige Kriterien f\u00fcr den Erfolg. Zwei Spiele wurden gegen den sp\u00e4teren NRW Meister und den F\u00fcnftplatzierten verloren.<\/p>\n<p>Somit nimmt unsere Mannschaft an den diesj\u00e4hrigen Deutschen Meisterschaften Triplette Veterans in Ensdorf, Saarland\u00a0 vom 15.-17. September teil.<\/p>\n<p>F\u00fcr die DM gilt sowohl das Motto \u201eDabei sein ist alles\u201c als auch \u201eDu hast keine Chance, also nutze sie\u201c.<\/p>\n<p>Die vielen Daumendr\u00fccker, die an beiden Tagen keine R\u00fccksicht auf ihre leidenden K\u00f6rperteile genommen haben, haben erheblich zu diesem Erfolg beigetragen.<\/p>\n<p>Das Team bedankt sich recht herzlich f\u00fcr diese tolle Unterst\u00fctzung.<\/p>\n<p>&nbsp;<\/p>\n<p><strong><span style=\"font-family: georgia, palatino, serif;\">Anmerkung der Redaktion<\/span><\/strong><br \/>\n<span style=\"font-family: georgia, palatino, serif;\">Ja, so h\u00e4tte es wohl ausgesehen, wenn sich die drei einen entspannten Tag in Br\u00fchl bei knapp 30 Grad und unertr\u00e4glicher Schw\u00fcle gemacht h\u00e4tten:<\/span><\/p>\n<p><img loading=\"lazy\" decoding=\"async\" class=\"alignnone size-large wp-image-2976\" src=\"https:\/\/bck08.de\/wp-content\/uploads\/2023\/08\/TripVeteranFranzisChristophKarlHeinz-576x1024.jpg\" alt=\"\" width=\"576\" height=\"1024\" srcset=\"https:\/\/bck08.de\/wp-content\/uploads\/2023\/08\/TripVeteranFranzisChristophKarlHeinz-576x1024.jpg 576w, https:\/\/bck08.de\/wp-content\/uploads\/2023\/08\/TripVeteranFranzisChristophKarlHeinz-864x1536.jpg 864w, https:\/\/bck08.de\/wp-content\/uploads\/2023\/08\/TripVeteranFranzisChristophKarlHeinz-169x300.jpg 169w, https:\/\/bck08.de\/wp-content\/uploads\/2023\/08\/TripVeteranFranzisChristophKarlHeinz.jpg 1134w\" sizes=\"auto, (max-width: 576px) 100vw, 576px\" \/><\/p>\n","protected":false},"excerpt":{"rendered":"<p>Die diesj\u00e4hrige NRW Meisterschaft im Modus Triplette Veterans ist f\u00fcr unser Vereinsteam mit Karl-Heinz, Christoph und Franzis hervorragend gelaufen. Nachdem sich das Team am Samstag in Wuppertal mit einem 5. [&hellip;]<\/p>\n","protected":false},"author":1,"featured_media":0,"comment_status":"closed","ping_status":"closed","sticky":false,"template":"","format":"standard","meta":{"_EventAllDay":false,"_EventTimezone":"","_EventStartDate":"","_EventEndDate":"","_EventStartDateUTC":"","_EventEndDateUTC":"","_EventShowMap":false,"_EventShowMapLink":false,"_EventURL":"","_EventCost":"","_EventCostDescription":"","_EventCurrencySymbol":"","_EventCurrencyCode":"","_EventCurrencyPosition":"","_EventDateTimeSeparator":"","_EventTimeRangeSeparator":"","_EventOrganizerID":[],"_EventVenueID":[],"_OrganizerEmail":"","_OrganizerPhone":"","_OrganizerWebsite":"","_VenueAddress":"","_VenueCity":"","_VenueCountry":"","_VenueProvince":"","_VenueState":"","_VenueZip":"","_VenuePhone":"","_VenueURL":"","_VenueStateProvince":"","_VenueLat":"","_VenueLng":"","_VenueShowMap":false,"_VenueShowMapLink":false,"footnotes":""},"categories":[1],"tags":[],"class_list":["post-2974","post","type-post","status-publish","format-standard","hentry","category-uncategorized"],"_links":{"self":[{"href":"https:\/\/bck08.de\/index.php?rest_route=\/wp\/v2\/posts\/2974","targetHints":{"allow":["GET"]}}],"collection":[{"href":"https:\/\/bck08.de\/index.php?rest_route=\/wp\/v2\/posts"}],"about":[{"href":"https:\/\/bck08.de\/index.php?rest_route=\/wp\/v2\/types\/post"}],"author":[{"embeddable":true,"href":"https:\/\/bck08.de\/index.php?rest_route=\/wp\/v2\/users\/1"}],"replies":[{"embeddable":true,"href":"https:\/\/bck08.de\/index.php?rest_route=%2Fwp%2Fv2%2Fcomments&post=2974"}],"version-history":[{"count":2,"href":"https:\/\/bck08.de\/index.php?rest_route=\/wp\/v2\/posts\/2974\/revisions"}],"predecessor-version":[{"id":3131,"href":"https:\/\/bck08.de\/index.php?rest_route=\/wp\/v2\/posts\/2974\/revisions\/3131"}],"wp:attachment":[{"href":"https:\/\/bck08.de\/index.php?rest_route=%2Fwp%2Fv2%2Fmedia&parent=2974"}],"wp:term":[{"taxonomy":"category","embeddable":true,"href":"https:\/\/bck08.de\/index.php?rest_route=%2Fwp%2Fv2%2Fcategories&post=2974"},{"taxonomy":"post_tag","embeddable":true,"href":"https:\/\/bck08.de\/index.php?rest_route=%2Fwp%2Fv2%2Ftags&post=2974"}],"curies":[{"name":"wp","href":"https:\/\/api.w.org\/{rel}","templated":true}]}}