{"id":2535,"date":"2022-09-27T15:59:46","date_gmt":"2022-09-27T15:59:46","guid":{"rendered":"https:\/\/bck08.de\/?p=2535"},"modified":"2023-12-15T16:13:26","modified_gmt":"2023-12-15T16:13:26","slug":"zeitenwende","status":"publish","type":"post","link":"https:\/\/bck08.de\/?p=2535","title":{"rendered":"Zeitenwende!"},"content":{"rendered":"<pre style=\"text-align: justify;\"><span style=\"font-family: georgia, palatino, serif; font-size: 12pt;\">Die diesj\u00e4hrige ordentliche Mitgliederversammlung stand unter ganz besonderen Vorzeichen. Nach 13 Jahren hervorragender Vorstandsarbeit schieden unser Vorsitzender Jan und unser Kassenwart Christoph aus dem Amt aus.\r\nIn einer bewegenden Laudatio w\u00fcrdigte die 2. Vorsitzende Franzis  das langj\u00e4hrige ehrenamtliche Engagement der Beiden f\u00fcr unseren Verein. \r\n<\/span><\/pre>\n<p><img loading=\"lazy\" decoding=\"async\" class=\"wp-image-2540 size-full aligncenter\" src=\"https:\/\/bck08.de\/wp-content\/uploads\/2022\/09\/IMG_20220926_195207_3991-scaled.jpg\" alt=\"\" width=\"2560\" height=\"1440\" srcset=\"https:\/\/bck08.de\/wp-content\/uploads\/2022\/09\/IMG_20220926_195207_3991-scaled.jpg 2560w, https:\/\/bck08.de\/wp-content\/uploads\/2022\/09\/IMG_20220926_195207_3991-300x169.jpg 300w, https:\/\/bck08.de\/wp-content\/uploads\/2022\/09\/IMG_20220926_195207_3991-1024x576.jpg 1024w, https:\/\/bck08.de\/wp-content\/uploads\/2022\/09\/IMG_20220926_195207_3991-768x432.jpg 768w, https:\/\/bck08.de\/wp-content\/uploads\/2022\/09\/IMG_20220926_195207_3991-1536x864.jpg 1536w, https:\/\/bck08.de\/wp-content\/uploads\/2022\/09\/IMG_20220926_195207_3991-2048x1152.jpg 2048w\" sizes=\"auto, (max-width: 2560px) 100vw, 2560px\" \/><\/p>\n<pre><span style=\"font-family: georgia, palatino, serif; font-size: 12pt;\">Nach der \u00dcberreichung der Pr\u00e4sentk\u00f6rbe standen die Vorstandswahlen auf der Tagesordnung.  Franzis als 2.Vorsitzende im Amt leitete die Wahlen. Die freien Posten wurden alle einstimmig in geheimer Wahl besetzt.\r\n<\/span>\r\n<span style=\"font-family: georgia, palatino, serif; font-size: 18pt;\">Der Vorstand ist entlastet, es lebe der Vorstand!\r\n\r\n<\/span><span style=\"font-family: georgia, palatino, serif; font-size: 12pt;\">1. Vorsitzender   -     Steffen Haas\r\n2. Vorsitzende    -     Franzis Haas (2.Amtsperiode)\r\n<\/span><span style=\"font-family: georgia, palatino, serif; font-size: 12pt;\">Kassenwart         -     Hans Bangerter<\/span>\r\n<span style=\"font-family: georgia, palatino, serif; font-size: 12pt;\">Sportwart            -     Klaus Spickermann (4. Amtsperiode)<\/span>\r\n<span style=\"font-family: georgia, palatino, serif; font-size: 12pt;\">Schriftf\u00fchrer      -     Kai Sicker (2. Amtsperiode)<\/span>\r\n<span style=\"font-family: georgia, palatino, serif; font-size: 12pt;\">\r\nDie Fortf\u00fchrung der konstruktiven Vorstandsarbeit gerade im Bezug auf das neue Vereinsgel\u00e4nde wird zentrale Aufgabe des neuen Teams werden.\r\n\r\n<\/span><span style=\"font-family: georgia, palatino, serif; font-size: 12pt;\">Im weiteren Verlauf der Versammlung konnten alle anstehenden Aufgaben die eine erfolgreiche Vereinsarbeit mit sich bringen, durch die Bereitschaft der anwesenden Mitglieder, auf viele Schultern verteilt werden. <\/span>\r\n\r\n<\/pre>\n<p style=\"text-align: center;\"><span style=\"font-family: georgia, palatino, serif; font-size: 24pt;\">\u00a0Allez les boules<\/span><\/p>\n<p>&nbsp;<\/p>\n","protected":false},"excerpt":{"rendered":"<p>Die diesj\u00e4hrige ordentliche Mitgliederversammlung stand unter ganz besonderen Vorzeichen. Nach 13 Jahren hervorragender Vorstandsarbeit schieden unser Vorsitzender Jan und unser Kassenwart Christoph aus dem Amt aus. In einer bewegenden Laudatio [&hellip;]<\/p>\n","protected":false},"author":1,"featured_media":0,"comment_status":"closed","ping_status":"closed","sticky":false,"template":"","format":"standard","meta":{"_EventAllDay":false,"_EventTimezone":"","_EventStartDate":"","_EventEndDate":"","_EventStartDateUTC":"","_EventEndDateUTC":"","_EventShowMap":false,"_EventShowMapLink":false,"_EventURL":"","_EventCost":"","_EventCostDescription":"","_EventCurrencySymbol":"","_EventCurrencyCode":"","_EventCurrencyPosition":"","_EventDateTimeSeparator":"","_EventTimeRangeSeparator":"","_EventOrganizerID":[],"_EventVenueID":[],"_OrganizerEmail":"","_OrganizerPhone":"","_OrganizerWebsite":"","_VenueAddress":"","_VenueCity":"","_VenueCountry":"","_VenueProvince":"","_VenueState":"","_VenueZip":"","_VenuePhone":"","_VenueURL":"","_VenueStateProvince":"","_VenueLat":"","_VenueLng":"","_VenueShowMap":false,"_VenueShowMapLink":false,"footnotes":""},"categories":[1],"tags":[],"class_list":["post-2535","post","type-post","status-publish","format-standard","hentry","category-uncategorized"],"_links":{"self":[{"href":"https:\/\/bck08.de\/index.php?rest_route=\/wp\/v2\/posts\/2535","targetHints":{"allow":["GET"]}}],"collection":[{"href":"https:\/\/bck08.de\/index.php?rest_route=\/wp\/v2\/posts"}],"about":[{"href":"https:\/\/bck08.de\/index.php?rest_route=\/wp\/v2\/types\/post"}],"author":[{"embeddable":true,"href":"https:\/\/bck08.de\/index.php?rest_route=\/wp\/v2\/users\/1"}],"replies":[{"embeddable":true,"href":"https:\/\/bck08.de\/index.php?rest_route=%2Fwp%2Fv2%2Fcomments&post=2535"}],"version-history":[{"count":32,"href":"https:\/\/bck08.de\/index.php?rest_route=\/wp\/v2\/posts\/2535\/revisions"}],"predecessor-version":[{"id":2578,"href":"https:\/\/bck08.de\/index.php?rest_route=\/wp\/v2\/posts\/2535\/revisions\/2578"}],"wp:attachment":[{"href":"https:\/\/bck08.de\/index.php?rest_route=%2Fwp%2Fv2%2Fmedia&parent=2535"}],"wp:term":[{"taxonomy":"category","embeddable":true,"href":"https:\/\/bck08.de\/index.php?rest_route=%2Fwp%2Fv2%2Fcategories&post=2535"},{"taxonomy":"post_tag","embeddable":true,"href":"https:\/\/bck08.de\/index.php?rest_route=%2Fwp%2Fv2%2Ftags&post=2535"}],"curies":[{"name":"wp","href":"https:\/\/api.w.org\/{rel}","templated":true}]}}